{"id":1248,"date":"2023-06-18T16:14:33","date_gmt":"2023-06-18T16:14:33","guid":{"rendered":"https:\/\/messibarcelona.com\/english\/?p=1248"},"modified":"2023-06-18T16:14:36","modified_gmt":"2023-06-18T16:14:36","slug":"reports-announcing-barcelonas-first-summer-deals-next-thursday","status":"publish","type":"post","link":"https:\/\/messibarcelona.com\/english\/1248\/reports-announcing-barcelonas-first-summer-deals-next-thursday\/","title":{"rendered":"Reports: Announcing Barcelona\u2019s first summer deals next Thursday"},"content":{"rendered":"\n<p>FC Barcelona and Athletico Paranaense have reached an agreement in principle for the transfer of Vitor Roque (18 years old) to the Bar\u00e7a club, as Mundo Deportivo learned.<\/p>\n\n\n\n<p>Specifically, the two clubs have agreed on a formula for the sale of the Brazilian striker to Barcelona for a fixed 35 million plus another 10 million that the cul\u00e9 entity could pay in different variables depending on the goals that the striker meets when he ends up with the Catalan champion.<\/p>\n\n\n\n<p>Bar\u00e7a &#8216;s contract with Vitor Roque will run until June 30, 2028 , that is, it will last for the next five seasons.<\/p>\n\n\n\n<p>To pay in three years and a thousand &#8216;kilos&#8217; of clause<\/p>\n\n\n\n<p>The operation must be paid for by FC Barcelona in three years and the termination clause for Vitor Roque as a Bar\u00e7a player aims to be one billion euros.<\/p>\n\n\n\n<p>Mattos, back in Brazil<\/p>\n\n\n\n<p>The clubs will exchange the documentation formalized by both parties during the next week. Alexandre Mattos , CEO of Athletico Paranaense , has led the negotiations with his Bar\u00e7a counterparts and his plan is to go back to Brazil tomorrow with the peace of mind of having left the business on track.<\/p>\n\n\n\n<p>On behalf of Barcelona , he has completed the Deco operation , the main backer of the signing of Vitor Roque . Andr\u00e9 Cury , the striker&#8217;s agent and former employee of the Bar\u00e7a club, has also rowed a lot in favor of him, who helped a lot to make him become a cul\u00e9 player despite the fact that other greats in Europe such as Chelsea pressed hard to take him away.<\/p>\n\n\n\n<p>Everything can be closed on Thursday or Friday<\/p>\n\n\n\n<p>This agreement should close at the end of next week, between Thursday and Friday. Athletico Paranaense has a match next Wednesday and its leadership should validate this principle according to Bar\u00e7a after that match, once Alexandre Mattos arrives with the operation perfectly outlined. Now it is a matter of translating everything into official documents in line with what was verbally agreed.<\/p>\n\n\n\n<p>Source: Mundo Deportivo<\/p>\n","protected":false},"excerpt":{"rendered":"<p>FC Barcelona and Athletico Paranaense have reached an agreement in principle for the transfer of Vitor Roque (18 years old) to the Bar\u00e7a club, as Mundo Deportivo learned. Specifically, the two clubs have agreed on a formula for the sale of the Brazilian striker to Barcelona for a fixed 35 million plus another 10 million &hellip;<\/p>\n","protected":false},"author":1,"featured_media":1183,"comment_status":"open","ping_status":"open","sticky":false,"template":"","format":"standard","meta":{"footnotes":""},"categories":[2],"tags":[],"class_list":["post-1248","post","type-post","status-publish","format-standard","has-post-thumbnail","","category-barcelona"],"yoast_head":"<!-- This site is optimized with the Yoast SEO plugin v22.6 - https:\/\/yoast.com\/wordpress\/plugins\/seo\/ -->\n<title>Reports: Announcing Barcelona\u2019s first summer deals next Thursday - Barca News<\/title>\n<meta name=\"robots\" content=\"index, follow, max-snippet:-1, max-image-preview:large, max-video-preview:-1\" \/>\n<link rel=\"canonical\" href=\"https:\/\/messibarcelona.com\/english\/1248\/reports-announcing-barcelonas-first-summer-deals-next-thursday\/\" \/>\n<meta property=\"og:locale\" content=\"en_US\" \/>\n<meta property=\"og:type\" content=\"article\" \/>\n<meta property=\"og:title\" content=\"Reports: Announcing Barcelona\u2019s first summer deals next Thursday\" \/>\n<meta property=\"og:description\" content=\"FC Barcelona and Athletico Paranaense have reached an agreement in principle for the transfer of Vitor Roque (18 years old) to the Bar\u00e7a club, as Mundo Deportivo learned. Specifically, the two clubs have agreed on a formula for the sale of the Brazilian striker to Barcelona for a fixed 35 million plus another 10 million &hellip;\" \/>\n<meta property=\"og:url\" content=\"https:\/\/messibarcelona.com\/english\/1248\/reports-announcing-barcelonas-first-summer-deals-next-thursday\/\" \/>\n<meta property=\"og:site_name\" content=\"Barca News\" \/>\n<meta property=\"article:published_time\" content=\"2023-06-18T16:14:33+00:00\" \/>\n<meta property=\"article:modified_time\" content=\"2023-06-18T16:14:36+00:00\" \/>\n<meta property=\"og:image\" content=\"https:\/\/messibarcelona.com\/english\/wp-content\/uploads\/2023\/06\/\u0644\u0627\u0628\u0648\u0631\u062a\u0627-\u0627\u0644\u064a\u0645\u0627\u0646\u064a.jpeg\" \/>\n\t<meta property=\"og:image:width\" content=\"1200\" \/>\n\t<meta property=\"og:image:height\" content=\"675\" \/>\n\t<meta property=\"og:image:type\" content=\"image\/jpeg\" \/>\n<meta name=\"author\" content=\"admin\" \/>\n<meta name=\"twitter:card\" content=\"summary_large_image\" \/>\n<meta name=\"twitter:label1\" content=\"Written by\" \/>\n\t<meta name=\"twitter:data1\" content=\"admin\" \/>\n\t<meta name=\"twitter:label2\" content=\"Est. reading time\" \/>\n\t<meta name=\"twitter:data2\" content=\"2 minutes\" \/>\n<script type=\"application\/ld+json\" class=\"yoast-schema-graph\">{\"@context\":\"https:\/\/schema.org\",\"@graph\":[{\"@type\":\"WebPage\",\"@id\":\"https:\/\/messibarcelona.com\/english\/1248\/reports-announcing-barcelonas-first-summer-deals-next-thursday\/\",\"url\":\"https:\/\/messibarcelona.com\/english\/1248\/reports-announcing-barcelonas-first-summer-deals-next-thursday\/\",\"name\":\"Reports: Announcing Barcelona\u2019s first summer deals next Thursday - Barca News\",\"isPartOf\":{\"@id\":\"https:\/\/messibarcelona.com\/english\/#website\"},\"primaryImageOfPage\":{\"@id\":\"https:\/\/messibarcelona.com\/english\/1248\/reports-announcing-barcelonas-first-summer-deals-next-thursday\/#primaryimage\"},\"image\":{\"@id\":\"https:\/\/messibarcelona.com\/english\/1248\/reports-announcing-barcelonas-first-summer-deals-next-thursday\/#primaryimage\"},\"thumbnailUrl\":\"https:\/\/messibarcelona.com\/english\/wp-content\/uploads\/2023\/06\/\u0644\u0627\u0628\u0648\u0631\u062a\u0627-\u0627\u0644\u064a\u0645\u0627\u0646\u064a.jpeg\",\"datePublished\":\"2023-06-18T16:14:33+00:00\",\"dateModified\":\"2023-06-18T16:14:36+00:00\",\"author\":{\"@id\":\"https:\/\/messibarcelona.com\/english\/#\/schema\/person\/a3ca3bd9afae52d256261e0c44301545\"},\"breadcrumb\":{\"@id\":\"https:\/\/messibarcelona.com\/english\/1248\/reports-announcing-barcelonas-first-summer-deals-next-thursday\/#breadcrumb\"},\"inLanguage\":\"en-US\",\"potentialAction\":[{\"@type\":\"ReadAction\",\"target\":[\"https:\/\/messibarcelona.com\/english\/1248\/reports-announcing-barcelonas-first-summer-deals-next-thursday\/\"]}]},{\"@type\":\"ImageObject\",\"inLanguage\":\"en-US\",\"@id\":\"https:\/\/messibarcelona.com\/english\/1248\/reports-announcing-barcelonas-first-summer-deals-next-thursday\/#primaryimage\",\"url\":\"https:\/\/messibarcelona.com\/english\/wp-content\/uploads\/2023\/06\/\u0644\u0627\u0628\u0648\u0631\u062a\u0627-\u0627\u0644\u064a\u0645\u0627\u0646\u064a.jpeg\",\"contentUrl\":\"https:\/\/messibarcelona.com\/english\/wp-content\/uploads\/2023\/06\/\u0644\u0627\u0628\u0648\u0631\u062a\u0627-\u0627\u0644\u064a\u0645\u0627\u0646\u064a.jpeg\",\"width\":1200,\"height\":675},{\"@type\":\"BreadcrumbList\",\"@id\":\"https:\/\/messibarcelona.com\/english\/1248\/reports-announcing-barcelonas-first-summer-deals-next-thursday\/#breadcrumb\",\"itemListElement\":[{\"@type\":\"ListItem\",\"position\":1,\"name\":\"Home\",\"item\":\"https:\/\/messibarcelona.com\/english\/\"},{\"@type\":\"ListItem\",\"position\":2,\"name\":\"Reports: Announcing Barcelona\u2019s first summer deals next Thursday\"}]},{\"@type\":\"WebSite\",\"@id\":\"https:\/\/messibarcelona.com\/english\/#website\",\"url\":\"https:\/\/messibarcelona.com\/english\/\",\"name\":\"Barca News\",\"description\":\"\",\"potentialAction\":[{\"@type\":\"SearchAction\",\"target\":{\"@type\":\"EntryPoint\",\"urlTemplate\":\"https:\/\/messibarcelona.com\/english\/?s={search_term_string}\"},\"query-input\":\"required name=search_term_string\"}],\"inLanguage\":\"en-US\"},{\"@type\":\"Person\",\"@id\":\"https:\/\/messibarcelona.com\/english\/#\/schema\/person\/a3ca3bd9afae52d256261e0c44301545\",\"name\":\"admin\",\"image\":{\"@type\":\"ImageObject\",\"inLanguage\":\"en-US\",\"@id\":\"https:\/\/messibarcelona.com\/english\/#\/schema\/person\/image\/\",\"url\":\"https:\/\/secure.gravatar.com\/avatar\/f5233ecd5bc6cd637f2a88710aeb7285761dae006fa81e11a35d5de46be8edfb?s=96&d=mm&r=g\",\"contentUrl\":\"https:\/\/secure.gravatar.com\/avatar\/f5233ecd5bc6cd637f2a88710aeb7285761dae006fa81e11a35d5de46be8edfb?s=96&d=mm&r=g\",\"caption\":\"admin\"},\"sameAs\":[\"https:\/\/messibarcelona.com\/english\"],\"url\":\"https:\/\/messibarcelona.com\/english\/author\/admin\/\"}]}<\/script>\n<!-- \/ Yoast SEO plugin. -->","yoast_head_json":{"title":"Reports: Announcing Barcelona\u2019s first summer deals next Thursday - Barca News","robots":{"index":"index","follow":"follow","max-snippet":"max-snippet:-1","max-image-preview":"max-image-preview:large","max-video-preview":"max-video-preview:-1"},"canonical":"https:\/\/messibarcelona.com\/english\/1248\/reports-announcing-barcelonas-first-summer-deals-next-thursday\/","og_locale":"en_US","og_type":"article","og_title":"Reports: Announcing Barcelona\u2019s first summer deals next Thursday","og_description":"FC Barcelona and Athletico Paranaense have reached an agreement in principle for the transfer of Vitor Roque (18 years old) to the Bar\u00e7a club, as Mundo Deportivo learned. Specifically, the two clubs have agreed on a formula for the sale of the Brazilian striker to Barcelona for a fixed 35 million plus another 10 million &hellip;","og_url":"https:\/\/messibarcelona.com\/english\/1248\/reports-announcing-barcelonas-first-summer-deals-next-thursday\/","og_site_name":"Barca News","article_published_time":"2023-06-18T16:14:33+00:00","article_modified_time":"2023-06-18T16:14:36+00:00","og_image":[{"width":1200,"height":675,"url":"https:\/\/messibarcelona.com\/english\/wp-content\/uploads\/2023\/06\/\u0644\u0627\u0628\u0648\u0631\u062a\u0627-\u0627\u0644\u064a\u0645\u0627\u0646\u064a.jpeg","type":"image\/jpeg"}],"author":"admin","twitter_card":"summary_large_image","twitter_misc":{"Written by":"admin","Est. reading time":"2 minutes"},"schema":{"@context":"https:\/\/schema.org","@graph":[{"@type":"WebPage","@id":"https:\/\/messibarcelona.com\/english\/1248\/reports-announcing-barcelonas-first-summer-deals-next-thursday\/","url":"https:\/\/messibarcelona.com\/english\/1248\/reports-announcing-barcelonas-first-summer-deals-next-thursday\/","name":"Reports: Announcing Barcelona\u2019s first summer deals next Thursday - Barca News","isPartOf":{"@id":"https:\/\/messibarcelona.com\/english\/#website"},"primaryImageOfPage":{"@id":"https:\/\/messibarcelona.com\/english\/1248\/reports-announcing-barcelonas-first-summer-deals-next-thursday\/#primaryimage"},"image":{"@id":"https:\/\/messibarcelona.com\/english\/1248\/reports-announcing-barcelonas-first-summer-deals-next-thursday\/#primaryimage"},"thumbnailUrl":"https:\/\/messibarcelona.com\/english\/wp-content\/uploads\/2023\/06\/\u0644\u0627\u0628\u0648\u0631\u062a\u0627-\u0627\u0644\u064a\u0645\u0627\u0646\u064a.jpeg","datePublished":"2023-06-18T16:14:33+00:00","dateModified":"2023-06-18T16:14:36+00:00","author":{"@id":"https:\/\/messibarcelona.com\/english\/#\/schema\/person\/a3ca3bd9afae52d256261e0c44301545"},"breadcrumb":{"@id":"https:\/\/messibarcelona.com\/english\/1248\/reports-announcing-barcelonas-first-summer-deals-next-thursday\/#breadcrumb"},"inLanguage":"en-US","potentialAction":[{"@type":"ReadAction","target":["https:\/\/messibarcelona.com\/english\/1248\/reports-announcing-barcelonas-first-summer-deals-next-thursday\/"]}]},{"@type":"ImageObject","inLanguage":"en-US","@id":"https:\/\/messibarcelona.com\/english\/1248\/reports-announcing-barcelonas-first-summer-deals-next-thursday\/#primaryimage","url":"https:\/\/messibarcelona.com\/english\/wp-content\/uploads\/2023\/06\/\u0644\u0627\u0628\u0648\u0631\u062a\u0627-\u0627\u0644\u064a\u0645\u0627\u0646\u064a.jpeg","contentUrl":"https:\/\/messibarcelona.com\/english\/wp-content\/uploads\/2023\/06\/\u0644\u0627\u0628\u0648\u0631\u062a\u0627-\u0627\u0644\u064a\u0645\u0627\u0646\u064a.jpeg","width":1200,"height":675},{"@type":"BreadcrumbList","@id":"https:\/\/messibarcelona.com\/english\/1248\/reports-announcing-barcelonas-first-summer-deals-next-thursday\/#breadcrumb","itemListElement":[{"@type":"ListItem","position":1,"name":"Home","item":"https:\/\/messibarcelona.com\/english\/"},{"@type":"ListItem","position":2,"name":"Reports: Announcing Barcelona\u2019s first summer deals next Thursday"}]},{"@type":"WebSite","@id":"https:\/\/messibarcelona.com\/english\/#website","url":"https:\/\/messibarcelona.com\/english\/","name":"Barca News","description":"","potentialAction":[{"@type":"SearchAction","target":{"@type":"EntryPoint","urlTemplate":"https:\/\/messibarcelona.com\/english\/?s={search_term_string}"},"query-input":"required name=search_term_string"}],"inLanguage":"en-US"},{"@type":"Person","@id":"https:\/\/messibarcelona.com\/english\/#\/schema\/person\/a3ca3bd9afae52d256261e0c44301545","name":"admin","image":{"@type":"ImageObject","inLanguage":"en-US","@id":"https:\/\/messibarcelona.com\/english\/#\/schema\/person\/image\/","url":"https:\/\/secure.gravatar.com\/avatar\/f5233ecd5bc6cd637f2a88710aeb7285761dae006fa81e11a35d5de46be8edfb?s=96&d=mm&r=g","contentUrl":"https:\/\/secure.gravatar.com\/avatar\/f5233ecd5bc6cd637f2a88710aeb7285761dae006fa81e11a35d5de46be8edfb?s=96&d=mm&r=g","caption":"admin"},"sameAs":["https:\/\/messibarcelona.com\/english"],"url":"https:\/\/messibarcelona.com\/english\/author\/admin\/"}]}},"_links":{"self":[{"href":"https:\/\/messibarcelona.com\/english\/wp-json\/wp\/v2\/posts\/1248","targetHints":{"allow":["GET"]}}],"collection":[{"href":"https:\/\/messibarcelona.com\/english\/wp-json\/wp\/v2\/posts"}],"about":[{"href":"https:\/\/messibarcelona.com\/english\/wp-json\/wp\/v2\/types\/post"}],"author":[{"embeddable":true,"href":"https:\/\/messibarcelona.com\/english\/wp-json\/wp\/v2\/users\/1"}],"replies":[{"embeddable":true,"href":"https:\/\/messibarcelona.com\/english\/wp-json\/wp\/v2\/comments?post=1248"}],"version-history":[{"count":1,"href":"https:\/\/messibarcelona.com\/english\/wp-json\/wp\/v2\/posts\/1248\/revisions"}],"predecessor-version":[{"id":1249,"href":"https:\/\/messibarcelona.com\/english\/wp-json\/wp\/v2\/posts\/1248\/revisions\/1249"}],"wp:featuredmedia":[{"embeddable":true,"href":"https:\/\/messibarcelona.com\/english\/wp-json\/wp\/v2\/media\/1183"}],"wp:attachment":[{"href":"https:\/\/messibarcelona.com\/english\/wp-json\/wp\/v2\/media?parent=1248"}],"wp:term":[{"taxonomy":"category","embeddable":true,"href":"https:\/\/messibarcelona.com\/english\/wp-json\/wp\/v2\/categories?post=1248"},{"taxonomy":"post_tag","embeddable":true,"href":"https:\/\/messibarcelona.com\/english\/wp-json\/wp\/v2\/tags?post=1248"}],"curies":[{"name":"wp","href":"https:\/\/api.w.org\/{rel}","templated":true}]}}